{"id":974,"date":"2023-10-09T15:59:11","date_gmt":"2023-10-09T13:59:11","guid":{"rendered":"https:\/\/anarchismusforschung.org\/?p=974"},"modified":"2023-10-09T17:25:12","modified_gmt":"2023-10-09T15:25:12","slug":"2-neue-beitraege","status":"publish","type":"post","link":"https:\/\/anarchismusforschung.org\/?p=974","title":{"rendered":"2 neue Beitr\u00e4ge"},"content":{"rendered":"<p>Der aktuelle Beitrag von Antje Schrupp f\u00fcr die Anarchismus-Portr\u00e4treihe in der Referentin ist jetzt verlinkt und hoch gelanden. Wie immer ist er <a href=\"https:\/\/anarchismusforschung.org\/?page_id=407\" target=\"_blank\" rel=\"noopener\">hier<\/a> zu finden.\u00a0\u00a0\u00a0\u00a0\u00a0\u00a0 \u00a0 \u00a0 \u00a0 \u00a0 \u00a0 \u00a0 \u00a0 Und der 3. Teil des Gespr\u00e4chs mit Gerhard Senft \u00fcber den 3. Band der Pierre Ramus Werkausgabe ist nun ebenfalls im A-Radio gelaufen und findet sich <a href=\"https:\/\/anarchismusforschung.org\/?page_id=913\" target=\"_blank\" rel=\"noopener\">hier<\/a> zu nachh\u00f6ren.<\/p>\n","protected":false},"excerpt":{"rendered":"<p>Der aktuelle Beitrag von Antje Schrupp f\u00fcr die Anarchismus-Portr\u00e4treihe in der Referentin ist jetzt verlinkt und hoch gelanden. Wie immer ist er hier zu finden.\u00a0\u00a0\u00a0\u00a0\u00a0\u00a0 \u00a0 \u00a0 \u00a0 \u00a0 \u00a0 \u00a0 \u00a0 Und der 3. Teil des Gespr\u00e4chs mit Gerhard &hellip; <a href=\"https:\/\/anarchismusforschung.org\/?p=974\">Weiterlesen <span class=\"meta-nav\">&rarr;<\/span><\/a><\/p>\n","protected":false},"author":2,"featured_media":0,"comment_status":"closed","ping_status":"open","sticky":false,"template":"","format":"standard","meta":{"footnotes":""},"categories":[1],"tags":[],"class_list":["post-974","post","type-post","status-publish","format-standard","hentry","category-allgemein"],"_links":{"self":[{"href":"https:\/\/anarchismusforschung.org\/index.php?rest_route=\/wp\/v2\/posts\/974","targetHints":{"allow":["GET"]}}],"collection":[{"href":"https:\/\/anarchismusforschung.org\/index.php?rest_route=\/wp\/v2\/posts"}],"about":[{"href":"https:\/\/anarchismusforschung.org\/index.php?rest_route=\/wp\/v2\/types\/post"}],"author":[{"embeddable":true,"href":"https:\/\/anarchismusforschung.org\/index.php?rest_route=\/wp\/v2\/users\/2"}],"replies":[{"embeddable":true,"href":"https:\/\/anarchismusforschung.org\/index.php?rest_route=%2Fwp%2Fv2%2Fcomments&post=974"}],"version-history":[{"count":1,"href":"https:\/\/anarchismusforschung.org\/index.php?rest_route=\/wp\/v2\/posts\/974\/revisions"}],"predecessor-version":[{"id":975,"href":"https:\/\/anarchismusforschung.org\/index.php?rest_route=\/wp\/v2\/posts\/974\/revisions\/975"}],"wp:attachment":[{"href":"https:\/\/anarchismusforschung.org\/index.php?rest_route=%2Fwp%2Fv2%2Fmedia&parent=974"}],"wp:term":[{"taxonomy":"category","embeddable":true,"href":"https:\/\/anarchismusforschung.org\/index.php?rest_route=%2Fwp%2Fv2%2Fcategories&post=974"},{"taxonomy":"post_tag","embeddable":true,"href":"https:\/\/anarchismusforschung.org\/index.php?rest_route=%2Fwp%2Fv2%2Ftags&post=974"}],"curies":[{"name":"wp","href":"https:\/\/api.w.org\/{rel}","templated":true}]}}