{"id":853,"date":"2022-06-25T17:03:35","date_gmt":"2022-06-25T15:03:35","guid":{"rendered":"https:\/\/anarchismusforschung.org\/?p=853"},"modified":"2022-06-25T17:03:35","modified_gmt":"2022-06-25T15:03:35","slug":"die-werkausgabe-von-pierre-ramus-schreitet-voran","status":"publish","type":"post","link":"https:\/\/anarchismusforschung.org\/?p=853","title":{"rendered":"Die Werkausgabe von Pierre Ramus schreitet voran!"},"content":{"rendered":"<p>Seit 2016 arbeitet die Pierre Ramus Gesellschaft, federf\u00fchrend ist dabei Gerhard Senft, an der Herausgabe der \u201eGesammelten Werke\u201c von Pierre Ramus. Geplant sind 8 B\u00e4nde, die ersten beiden B\u00e4nde sind bereits erh\u00e4ltlich. Die B\u00fccher erscheinen im Wiener Verlag Monte Verit\u00e0.<\/p>\n<p>Wer Pierre Ramus war eine der zentralen Personen der anarchistischen Bewegung in \u00d6sterreich zu Beginn des 20. Jahrhunderts und zur Zwischenkriegszeit. Er war Schriftsteller, Redner und Propagandist, Theoretiker und Redakteur verschiedener Zeitschriften, wie \u201eWohlstand f\u00fcr Alle\u201c und \u201eErkenntnis und Befreiuung\u201c. Er vertrat einen gewaltfreien Anarchismus im Sinne Tolstois und war stark vom Denken Kropotikins beeinflusst. Informationen \u00fcber sein Leben und seine Schriften findet sich Hinweise auf der Seite der Pierre Ramus Gesellschaft oder auch auf <a href=\"https:\/\/de.wikipedia.org\/wiki\/Pierre_Ramus\" target=\"_blank\" rel=\"noopener\">wikipedia<\/a>.<\/p>\n<p>Aktuell ist der zweite Band der Werkausgabe erschienen. Er beinhaltet Justizkritische Schriften von Ramus und einer sehr lesenswerten Einleitung von Gerhard Senft, die den theoretischen und biographischen Entstehungskontext der Texte gut beleuchtet.<\/p>\n<p>Eine gute Einf\u00fchrung in den zweiten Band bietet das Gespr\u00e4ch das Gehard Senft mit Josef M\u00fchlbauer im Mai 2022 f\u00fchrte und einer Lesung aus den Texten, die im selben Rahmen gemacht wurde. M\u00fchlbauer ist Teil das Varna Institute for Peace Research (VIPR) das dieses Video zur Verf\u00fcgung gestellt hat.<\/p>\n<p><a href=\"https:\/\/www.youtube.com\/watch?v=RZQsup6E_WU\" target=\"_blank\" rel=\"noopener\">Prof Dr Gerhard Senft &#8211; Pierre Ramus (Rudolf Gro\u00dfmann), Mayday, Sacco und Vanzetti (Buchvorstellung)<\/a><\/p>\n<p>Mehr zu Pierre Ramus und der Gesamtausgabe findet ihr hier:<\/p>\n<p><a href=\"http:\/\/ramus.at\/pierre-ramus-gesellschaft\/\" target=\"_blank\" rel=\"noopener\">http:\/\/ramus.at\/pierre-ramus-gesellschaft\/<\/a><\/p>\n<p><strong>P<\/strong><strong>ierre Ramus: Gesammelte Werke in acht B\u00e4nden<\/strong><\/p>\n<p>Der erste Band beinhaltet eine Einleitung von Gerhard Senft \u00fcber <i>Der moderne Anarchismus &#8211; mehr als eine Diskursgeschichte<\/i> und verschiedene von Ramus verfasste biographische Skizzen. Es sind dies: William Godwin, der Theoretiker des <!--more-->kommunistischen Anarchismus (1907); Michail Bakunin als Denker und K\u00e4mpfer (1908); Leo Tolstoi als Denker und Revolution\u00e4r des Anarchismus (1920); Edward Carpenter, ein S\u00e4nger der Freiheit und des Volkes (1910); Francisco Ferrer. Sein Leben und sein Werk (1910).<\/p>\n<p>Ramus, Pierre: Gesammelte Werke. Band 1: Biographische Skizzen, im Auftrag der Pierre Ramus-Gesellschaft herausgegeben von Gerhard Senft, Verlag Monte Verit\u00e0, Wien 2017. 284 Seiten. ISBN: 978-3-900434-91-5<\/p>\n<p>Die Herausgabe der \u201eGesammelten Werke\u201c ist als ein l\u00e4ngerfristiges, zur G\u00e4nze privat ausfinanziertes Projekt angelegt. In der Folge erscheinen:<\/p>\n<ul>\n<li>Band 2: Justizkritische Betrachtungen.<\/li>\n<li>Band 3: Schriften zur sozialen Theorie und Praxis.<\/li>\n<\/ul>\n","protected":false},"excerpt":{"rendered":"<p>Seit 2016 arbeitet die Pierre Ramus Gesellschaft, federf\u00fchrend ist dabei Gerhard Senft, an der Herausgabe der \u201eGesammelten Werke\u201c von Pierre Ramus. Geplant sind 8 B\u00e4nde, die ersten beiden B\u00e4nde sind bereits erh\u00e4ltlich. Die B\u00fccher erscheinen im Wiener Verlag Monte Verit\u00e0. &hellip; <a href=\"https:\/\/anarchismusforschung.org\/?p=853\">Weiterlesen <span class=\"meta-nav\">&rarr;<\/span><\/a><\/p>\n","protected":false},"author":2,"featured_media":0,"comment_status":"closed","ping_status":"open","sticky":false,"template":"","format":"standard","meta":{"footnotes":""},"categories":[1],"tags":[],"class_list":["post-853","post","type-post","status-publish","format-standard","hentry","category-allgemein"],"_links":{"self":[{"href":"https:\/\/anarchismusforschung.org\/index.php?rest_route=\/wp\/v2\/posts\/853","targetHints":{"allow":["GET"]}}],"collection":[{"href":"https:\/\/anarchismusforschung.org\/index.php?rest_route=\/wp\/v2\/posts"}],"about":[{"href":"https:\/\/anarchismusforschung.org\/index.php?rest_route=\/wp\/v2\/types\/post"}],"author":[{"embeddable":true,"href":"https:\/\/anarchismusforschung.org\/index.php?rest_route=\/wp\/v2\/users\/2"}],"replies":[{"embeddable":true,"href":"https:\/\/anarchismusforschung.org\/index.php?rest_route=%2Fwp%2Fv2%2Fcomments&post=853"}],"version-history":[{"count":1,"href":"https:\/\/anarchismusforschung.org\/index.php?rest_route=\/wp\/v2\/posts\/853\/revisions"}],"predecessor-version":[{"id":854,"href":"https:\/\/anarchismusforschung.org\/index.php?rest_route=\/wp\/v2\/posts\/853\/revisions\/854"}],"wp:attachment":[{"href":"https:\/\/anarchismusforschung.org\/index.php?rest_route=%2Fwp%2Fv2%2Fmedia&parent=853"}],"wp:term":[{"taxonomy":"category","embeddable":true,"href":"https:\/\/anarchismusforschung.org\/index.php?rest_route=%2Fwp%2Fv2%2Fcategories&post=853"},{"taxonomy":"post_tag","embeddable":true,"href":"https:\/\/anarchismusforschung.org\/index.php?rest_route=%2Fwp%2Fv2%2Ftags&post=853"}],"curies":[{"name":"wp","href":"https:\/\/api.w.org\/{rel}","templated":true}]}}