{"id":745,"date":"2021-07-17T22:12:29","date_gmt":"2021-07-17T20:12:29","guid":{"rendered":"https:\/\/anarchismusforschung.org\/?p=745"},"modified":"2021-07-17T22:12:29","modified_gmt":"2021-07-17T20:12:29","slug":"kongress-a-kongress-fuer-herrschaftsfreie-theorie-und-praxis","status":"publish","type":"post","link":"https:\/\/anarchismusforschung.org\/?p=745","title":{"rendered":"kongress A &#8211; Kongress f\u00fcr herrschaftsfreie Theorie und Praxis"},"content":{"rendered":"<p>Vom 13.-15.08.21 findet in M\u00fcnster der kongress A statt&#8230;. wir freuen uns schon darauf!<br \/>\nInfos zum Kongress findet ihr auf der Webseite: <a href=\"http:\/\/kongressa.net\/\" target=\"_blank\" rel=\"noopener\">kongressA.net<\/a><\/p>\n<p>Also das genaue Programm und unter Anmeldung findet ihr Hinweise zu Fragen wegen Schlafpl\u00e4tze, Kinderbetreuung, falls jemand mithelfen oder den Kongress finanziell unterst\u00fctzen m\u00f6chte.<\/p>\n<p>Hier noch das Programm im \u00dcberblick: <a href=\"https:\/\/anarchismusforschung.org\/wp-content\/uploads\/2021\/07\/20210615_kongressA_Programm-Sharepic.jpg\" target=\"_blank\" rel=\"noopener\">Programm A Kongress<\/a><br \/>\nUnd hier noch das stylische Plakat (darf eigentlich in keinem WG-Klo fehlen): <a href=\"https:\/\/anarchismusforschung.org\/wp-content\/uploads\/2021\/07\/KongressA-Plakat.pdf\" target=\"_blank\" rel=\"noopener\">Plakat kongress A<\/a><\/p>\n<p>&nbsp;<\/p>\n","protected":false},"excerpt":{"rendered":"<p>Vom 13.-15.08.21 findet in M\u00fcnster der kongress A statt&#8230;. wir freuen uns schon darauf! Infos zum Kongress findet ihr auf der Webseite: kongressA.net Also das genaue Programm und unter Anmeldung findet ihr Hinweise zu Fragen wegen Schlafpl\u00e4tze, Kinderbetreuung, falls jemand &hellip; <a href=\"https:\/\/anarchismusforschung.org\/?p=745\">Weiterlesen <span class=\"meta-nav\">&rarr;<\/span><\/a><\/p>\n","protected":false},"author":2,"featured_media":0,"comment_status":"closed","ping_status":"open","sticky":false,"template":"","format":"standard","meta":{"footnotes":""},"categories":[1],"tags":[],"class_list":["post-745","post","type-post","status-publish","format-standard","hentry","category-allgemein"],"_links":{"self":[{"href":"https:\/\/anarchismusforschung.org\/index.php?rest_route=\/wp\/v2\/posts\/745","targetHints":{"allow":["GET"]}}],"collection":[{"href":"https:\/\/anarchismusforschung.org\/index.php?rest_route=\/wp\/v2\/posts"}],"about":[{"href":"https:\/\/anarchismusforschung.org\/index.php?rest_route=\/wp\/v2\/types\/post"}],"author":[{"embeddable":true,"href":"https:\/\/anarchismusforschung.org\/index.php?rest_route=\/wp\/v2\/users\/2"}],"replies":[{"embeddable":true,"href":"https:\/\/anarchismusforschung.org\/index.php?rest_route=%2Fwp%2Fv2%2Fcomments&post=745"}],"version-history":[{"count":2,"href":"https:\/\/anarchismusforschung.org\/index.php?rest_route=\/wp\/v2\/posts\/745\/revisions"}],"predecessor-version":[{"id":747,"href":"https:\/\/anarchismusforschung.org\/index.php?rest_route=\/wp\/v2\/posts\/745\/revisions\/747"}],"wp:attachment":[{"href":"https:\/\/anarchismusforschung.org\/index.php?rest_route=%2Fwp%2Fv2%2Fmedia&parent=745"}],"wp:term":[{"taxonomy":"category","embeddable":true,"href":"https:\/\/anarchismusforschung.org\/index.php?rest_route=%2Fwp%2Fv2%2Fcategories&post=745"},{"taxonomy":"post_tag","embeddable":true,"href":"https:\/\/anarchismusforschung.org\/index.php?rest_route=%2Fwp%2Fv2%2Ftags&post=745"}],"curies":[{"name":"wp","href":"https:\/\/api.w.org\/{rel}","templated":true}]}}