{"id":571,"date":"2020-04-03T20:08:43","date_gmt":"2020-04-03T18:08:43","guid":{"rendered":"https:\/\/anarchismusforschung.org\/?p=571"},"modified":"2020-04-03T20:08:51","modified_gmt":"2020-04-03T18:08:51","slug":"portraet-ueber-hugo-sonnenschein-erschienen","status":"publish","type":"post","link":"https:\/\/anarchismusforschung.org\/?p=571","title":{"rendered":"Portr\u00e4t \u00fcber Hugo Sonnenschein erschienen"},"content":{"rendered":"<p>In der letzten Ausgabe der Kulturzeitung <a href=\"http:\/\/diereferentin.servus.at\/\" target=\"_blank\" rel=\"noopener noreferrer\"><em>Die Referentin<\/em><\/a> ist ein Portr\u00e4t \u00fcber Hugo Sonnenschein von Peter Haumer erschienen. Wie immer findet ihr dieses und alle bisher erschienen unter der Rubrik &#8222;Portraits&#8220; oder auch <a href=\"https:\/\/anarchismusforschung.org\/wp-content\/uploads\/2020\/04\/\u00fcber-den-weltverkommenen-sonka.pdf\" target=\"_blank\" rel=\"noopener noreferrer\">HIER<\/a>.<\/p>\n<p>Die Pr\u00e4miere des St\u00fccks \u00fcber und mit Hugo Sonnenschein an dem Papiertheater Zunder und Laut Fragen gerade arbeiten wird verschoben. Die Auff\u00fchrungstermine werden wir aber auch hier ank\u00fcndigen.<\/p>\n<p>&nbsp;<\/p>\n","protected":false},"excerpt":{"rendered":"<p>In der letzten Ausgabe der Kulturzeitung Die Referentin ist ein Portr\u00e4t \u00fcber Hugo Sonnenschein von Peter Haumer erschienen. Wie immer findet ihr dieses und alle bisher erschienen unter der Rubrik &#8222;Portraits&#8220; oder auch HIER. Die Pr\u00e4miere des St\u00fccks \u00fcber und &hellip; <a href=\"https:\/\/anarchismusforschung.org\/?p=571\">Weiterlesen <span class=\"meta-nav\">&rarr;<\/span><\/a><\/p>\n","protected":false},"author":2,"featured_media":0,"comment_status":"closed","ping_status":"open","sticky":false,"template":"","format":"standard","meta":{"footnotes":""},"categories":[1],"tags":[],"class_list":["post-571","post","type-post","status-publish","format-standard","hentry","category-allgemein"],"_links":{"self":[{"href":"https:\/\/anarchismusforschung.org\/index.php?rest_route=\/wp\/v2\/posts\/571","targetHints":{"allow":["GET"]}}],"collection":[{"href":"https:\/\/anarchismusforschung.org\/index.php?rest_route=\/wp\/v2\/posts"}],"about":[{"href":"https:\/\/anarchismusforschung.org\/index.php?rest_route=\/wp\/v2\/types\/post"}],"author":[{"embeddable":true,"href":"https:\/\/anarchismusforschung.org\/index.php?rest_route=\/wp\/v2\/users\/2"}],"replies":[{"embeddable":true,"href":"https:\/\/anarchismusforschung.org\/index.php?rest_route=%2Fwp%2Fv2%2Fcomments&post=571"}],"version-history":[{"count":3,"href":"https:\/\/anarchismusforschung.org\/index.php?rest_route=\/wp\/v2\/posts\/571\/revisions"}],"predecessor-version":[{"id":574,"href":"https:\/\/anarchismusforschung.org\/index.php?rest_route=\/wp\/v2\/posts\/571\/revisions\/574"}],"wp:attachment":[{"href":"https:\/\/anarchismusforschung.org\/index.php?rest_route=%2Fwp%2Fv2%2Fmedia&parent=571"}],"wp:term":[{"taxonomy":"category","embeddable":true,"href":"https:\/\/anarchismusforschung.org\/index.php?rest_route=%2Fwp%2Fv2%2Fcategories&post=571"},{"taxonomy":"post_tag","embeddable":true,"href":"https:\/\/anarchismusforschung.org\/index.php?rest_route=%2Fwp%2Fv2%2Ftags&post=571"}],"curies":[{"name":"wp","href":"https:\/\/api.w.org\/{rel}","templated":true}]}}