{"id":545,"date":"2019-12-20T21:15:13","date_gmt":"2019-12-20T20:15:13","guid":{"rendered":"https:\/\/anarchismusforschung.org\/?p=545"},"modified":"2019-12-20T21:17:13","modified_gmt":"2019-12-20T20:17:13","slug":"25-01-buchpraesentation-in-der-pankahyttn","status":"publish","type":"post","link":"https:\/\/anarchismusforschung.org\/?p=545","title":{"rendered":"25.01. Buchpr\u00e4sentation in der PankaHyttn"},"content":{"rendered":"<p>Die Punks von der Hyttn haben lange \u00fcberlegt, viel diskutiert (auch mit anderen Gruppen in Wien) und wollen die Ergebnisse nun auch der \u00d6ffentlichkeit pr\u00e4sentieren&#8230; nur soviel sei schon verraten. Es geht um die klassenlose postkapitalistische Gesellschaft.<br \/>\nKlingt doch gut, oder?<br \/>\nLink zur Veranstaltung: <a href=\"http:\/\/www.pankahyttn.at\/\" target=\"_blank\" rel=\"noopener noreferrer\">pankahyttn<\/a><\/p>\n<p><img loading=\"lazy\" decoding=\"async\" class=\"aligncenter\" src=\"https:\/\/anarchismusforschung.org\/wp-content\/uploads\/2019\/12\/Plakat-hp20200125-page-001.jpg\" width=\"322\" height=\"454\" \/><\/p>\n","protected":false},"excerpt":{"rendered":"<p>Die Punks von der Hyttn haben lange \u00fcberlegt, viel diskutiert (auch mit anderen Gruppen in Wien) und wollen die Ergebnisse nun auch der \u00d6ffentlichkeit pr\u00e4sentieren&#8230; nur soviel sei schon verraten. Es geht um die klassenlose postkapitalistische Gesellschaft. Klingt doch gut, &hellip; <a href=\"https:\/\/anarchismusforschung.org\/?p=545\">Weiterlesen <span class=\"meta-nav\">&rarr;<\/span><\/a><\/p>\n","protected":false},"author":2,"featured_media":0,"comment_status":"closed","ping_status":"open","sticky":false,"template":"","format":"standard","meta":{"footnotes":""},"categories":[1],"tags":[],"class_list":["post-545","post","type-post","status-publish","format-standard","hentry","category-allgemein"],"_links":{"self":[{"href":"https:\/\/anarchismusforschung.org\/index.php?rest_route=\/wp\/v2\/posts\/545","targetHints":{"allow":["GET"]}}],"collection":[{"href":"https:\/\/anarchismusforschung.org\/index.php?rest_route=\/wp\/v2\/posts"}],"about":[{"href":"https:\/\/anarchismusforschung.org\/index.php?rest_route=\/wp\/v2\/types\/post"}],"author":[{"embeddable":true,"href":"https:\/\/anarchismusforschung.org\/index.php?rest_route=\/wp\/v2\/users\/2"}],"replies":[{"embeddable":true,"href":"https:\/\/anarchismusforschung.org\/index.php?rest_route=%2Fwp%2Fv2%2Fcomments&post=545"}],"version-history":[{"count":5,"href":"https:\/\/anarchismusforschung.org\/index.php?rest_route=\/wp\/v2\/posts\/545\/revisions"}],"predecessor-version":[{"id":551,"href":"https:\/\/anarchismusforschung.org\/index.php?rest_route=\/wp\/v2\/posts\/545\/revisions\/551"}],"wp:attachment":[{"href":"https:\/\/anarchismusforschung.org\/index.php?rest_route=%2Fwp%2Fv2%2Fmedia&parent=545"}],"wp:term":[{"taxonomy":"category","embeddable":true,"href":"https:\/\/anarchismusforschung.org\/index.php?rest_route=%2Fwp%2Fv2%2Fcategories&post=545"},{"taxonomy":"post_tag","embeddable":true,"href":"https:\/\/anarchismusforschung.org\/index.php?rest_route=%2Fwp%2Fv2%2Ftags&post=545"}],"curies":[{"name":"wp","href":"https:\/\/api.w.org\/{rel}","templated":true}]}}